{"id":3314,"date":"2020-02-26T08:25:21","date_gmt":"2020-02-26T07:25:21","guid":{"rendered":"https:\/\/www.basqueecodesignmeeting2020.eus\/?p=3314"},"modified":"2020-03-02T16:50:48","modified_gmt":"2020-03-02T15:50:48","slug":"life-cycle-bienvenida-ihobe","status":"publish","type":"post","link":"https:\/\/www.basqueecodesignmeeting2020.eus\/es\/life-cycle-bienvenida-ihobe\/","title":{"rendered":"La Iniciativa de Ciclo de Vida da la bienvenida a Ihobe como nuevo socio financiero"},"content":{"rendered":"<p><strong>El 26 de febrero de 2020, el Departamento de Medio Ambiente, Planificaci\u00f3n Territorial y Vivienda del Gobierno Vasco, representado por Ihobe, Sociedad P\u00fablica de Gesti\u00f3n Ambiental, se convirti\u00f3 oficialmente en un nuevo socio financiador de la Iniciativa de Ciclo de Vida, auspiciada por el PNUMA.<\/strong><\/p>\n<p>Ihobe apoya al Ejecutivo en el desarrollo de la pol\u00edtica ambiental \u00a0(Marco Ambiental de la Comunidad Aut\u00f3noma Vasca 2020, Estrategia de Biodiversidad 2020, Plan de Cambio Clim\u00e1tico y Estrategia de Econom\u00eda Circular 2030) y de instrumentos impulsados por la demanda para fomentar el ecodise\u00f1o y la econom\u00eda circular (legislaci\u00f3n, instrumentos econ\u00f3micos, normas, instrumentos de mercado), liderando los programas de apoyo a proyectos de ecoinnovaci\u00f3n (con un presupuesto de 1,5 millones de euros\/a\u00f1o que activa m\u00e1s de 35 proyectos) y transfiriendo sus resultados al sector privado a trav\u00e9s de su red de empresas de <a href=\"http:\/\/www.basqueecodesigncenter.net\/\">Gesti\u00f3n de Cadena de Suministro Verde <\/a>y una red en cascada que abarca m\u00e1s de 300 PYMEs. Ihobe tambi\u00e9n coordina las prioridades de I+D medioambiental y los socios del Plan Vasco de Investigaci\u00f3n y Desarrollo 2020 en el \u00e1rea de la Econom\u00eda Circular.<\/p>\n<p>Ihobe se ha convertido en socio financiero de la Iniciativa del Ciclo de Vida para apoyar el acceso y la interoperabilidad de los datos del ACV, mejorar la armonizaci\u00f3n del impacto y fomentar la aplicaci\u00f3n del ACV, tanto a nivel global como a nivel de PYMEs.<\/p>\n<p>M\u00e1s informaci\u00f3n: <a href=\"https:\/\/www.lifecycleinitiative.org\/life-cycle-initiative-welcomes-ihobe-as-new-funding-partner\/\" target=\"_blank\" rel=\"noopener noreferrer\">https:\/\/www.lifecycleinitiative.org<\/a><\/p>\n<p><img loading=\"lazy\" decoding=\"async\" class=\"aligncenter size-full wp-image-3315\" src=\"https:\/\/www.basqueecodesignmeeting2020.eus\/wp-content\/uploads\/2020\/03\/BEM2020_27_2sml.jpg\" alt=\"\" width=\"1000\" height=\"562\" srcset=\"https:\/\/www.basqueecodesignmeeting2020.eus\/wp-content\/uploads\/2020\/03\/BEM2020_27_2sml.jpg 1000w, https:\/\/www.basqueecodesignmeeting2020.eus\/wp-content\/uploads\/2020\/03\/BEM2020_27_2sml-770x433.jpg 770w, https:\/\/www.basqueecodesignmeeting2020.eus\/wp-content\/uploads\/2020\/03\/BEM2020_27_2sml-768x432.jpg 768w\" sizes=\"auto, (max-width: 1000px) 100vw, 1000px\" \/><\/p>\n<p>Elena Moreno (a la izquierda), viceconsejera de Medioambiente del Gobierno Vasco y Presidenta de Ihobe, suscribe el acuerdo de financiaci\u00f3n con Do\u00f1a Elisa Tonda (a la derecha), jefa de la Unidad de Consumo y Producci\u00f3n Sostenibles del PNUMA.<\/p>","protected":false},"excerpt":{"rendered":"<p>El 26 de febrero de 2020, el Departamento de Medio Ambiente, Planificaci\u00f3n Territorial y Vivienda del Gobierno Vasco, representado por Ihobe, Sociedad P\u00fablica de Gesti\u00f3n Ambiental, se convirti\u00f3 oficialmente en un nuevo socio financiador de la Iniciativa de Ciclo de Vida, auspiciada por el PNUMA. Ihobe apoya al Ejecutivo en ...<\/p>\n","protected":false},"author":1,"featured_media":3318,"comment_status":"closed","ping_status":"closed","sticky":false,"template":"","format":"standard","meta":{"_exactmetrics_skip_tracking":false,"_exactmetrics_sitenote_active":false,"_exactmetrics_sitenote_note":"","_exactmetrics_sitenote_category":0,"footnotes":""},"categories":[1],"tags":[],"class_list":["post-3314","post","type-post","status-publish","format-standard","has-post-thumbnail","hentry","category-bembasquecountry2020"],"_links":{"self":[{"href":"https:\/\/www.basqueecodesignmeeting2020.eus\/es\/wp-json\/wp\/v2\/posts\/3314","targetHints":{"allow":["GET"]}}],"collection":[{"href":"https:\/\/www.basqueecodesignmeeting2020.eus\/es\/wp-json\/wp\/v2\/posts"}],"about":[{"href":"https:\/\/www.basqueecodesignmeeting2020.eus\/es\/wp-json\/wp\/v2\/types\/post"}],"author":[{"embeddable":true,"href":"https:\/\/www.basqueecodesignmeeting2020.eus\/es\/wp-json\/wp\/v2\/users\/1"}],"replies":[{"embeddable":true,"href":"https:\/\/www.basqueecodesignmeeting2020.eus\/es\/wp-json\/wp\/v2\/comments?post=3314"}],"version-history":[{"count":4,"href":"https:\/\/www.basqueecodesignmeeting2020.eus\/es\/wp-json\/wp\/v2\/posts\/3314\/revisions"}],"predecessor-version":[{"id":3320,"href":"https:\/\/www.basqueecodesignmeeting2020.eus\/es\/wp-json\/wp\/v2\/posts\/3314\/revisions\/3320"}],"wp:featuredmedia":[{"embeddable":true,"href":"https:\/\/www.basqueecodesignmeeting2020.eus\/es\/wp-json\/wp\/v2\/media\/3318"}],"wp:attachment":[{"href":"https:\/\/www.basqueecodesignmeeting2020.eus\/es\/wp-json\/wp\/v2\/media?parent=3314"}],"wp:term":[{"taxonomy":"category","embeddable":true,"href":"https:\/\/www.basqueecodesignmeeting2020.eus\/es\/wp-json\/wp\/v2\/categories?post=3314"},{"taxonomy":"post_tag","embeddable":true,"href":"https:\/\/www.basqueecodesignmeeting2020.eus\/es\/wp-json\/wp\/v2\/tags?post=3314"}],"curies":[{"name":"wp","href":"https:\/\/api.w.org\/{rel}","templated":true}]}}