{"id":3133,"date":"2020-02-25T14:40:05","date_gmt":"2020-02-25T13:40:05","guid":{"rendered":"https:\/\/www.basqueecodesignmeeting2020.eus\/?p=3133"},"modified":"2020-02-27T10:11:13","modified_gmt":"2020-02-27T09:11:13","slug":"el-gobierno-vasco-acuerdo-onu-medio-ambiente","status":"publish","type":"post","link":"https:\/\/www.basqueecodesignmeeting2020.eus\/es\/el-gobierno-vasco-acuerdo-onu-medio-ambiente\/","title":{"rendered":"El Gobierno Vasco firma un acuerdo con ONU Medio Ambiente para apoyar a pa\u00edses en desarrollo en econom\u00eda circular y ecodise\u00f1o"},"content":{"rendered":"<p><\/p>\n<ul>\n<li><strong>Se trata del primer gobierno regional del mundo en sumarse a esta iniciativa cuyo objetivo es crear una red mundial de conocimiento sobre An\u00e1lisis de Ciclo de Vida de los productos para reducir su impacto ambiental.<\/strong><\/li>\n<li><strong>La<\/strong><strong> responsable de la <\/strong><strong>Unidad de Consumo y Producci\u00f3n Sostenibles de ONU Medio Ambiente,<\/strong><strong> Elisa Tonda, tomar\u00e1 parte en la apertura institucional del Basque Ecodesign Meeting 2020, ma\u00f1ana, mi\u00e9rcoles 26.<\/strong><\/li>\n<li><strong>Tras el acto de apertura, <\/strong><strong>C\u00e9sar Santos, de la Comisi\u00f3n Europea<\/strong><strong> explicar\u00e1 el Nuevo Pacto Verde europeo, y la conferencia inaugural correr\u00e1 a cargo del analista Marc Vidal, experto en digitalizaci\u00f3n e industria 4.0.<\/strong><\/li>\n<\/ul>\n<p>El Palacio Euskalduna de Bilbao acoge desde ma\u00f1ana mi\u00e9rcoles una de las principales citas sobre econom\u00eda circular y ecodise\u00f1o de Europa, el Basque Ecodesign Meeting (BEM 2020). La primera de las tres jornadas estar\u00e1 marcada por la firma del acuerdo entre ONU Medio Ambiente y el Departamento de Medio Ambiente, Planificaci\u00f3n Territorial y Vivienda del Gobierno Vasco, a trav\u00e9s de su sociedad p\u00fablica Ihobe, que organiza el encuentro junto con el Basque Ecodesign Center.<\/p>\n<p>Con este acuerdo, Euskadi se convierte en el primer gobierno regional en sumarse a la Iniciativa de Ciclo de Vida, una estrategia internacional impulsada por el Programa de Naciones Unidas para el Medio Ambiente para compartir conocimiento experto de la que ya forman parte los gobiernos de Argentina, Chile, Francia, Alemania, Italia, Jap\u00f3n, Malasia, Sud\u00e1frica, Suecia, Suiza, Tailandia y Estados Unidos, adem\u00e1s de la Comisi\u00f3n Europea.<\/p>\n<p>El objetivo de la iniciativa es crear una red global sobre an\u00e1lisis de ciclo de vida de los productos, la denominada GLAD (Global Life Cycle Assesment Data Access, por sus siglas en ingl\u00e9s), que busca lograr una mejor accesibilidad e interoperabilidad de los datos. La red estar\u00e1 integrada por bases de datos (nodos) que proporcionar\u00e1n a las personas usuarias acceso a los conjuntos de datos del inventario del ciclo de vida de los diferentes participantes. As\u00ed pues, GLAD apoyar\u00e1 la evaluaci\u00f3n del ciclo vital mediante un acceso m\u00e1s f\u00e1cil a las fuentes de datos en todo el mundo, apoyando especialmente a los pa\u00edses en desarrollo en su camino hacia la econom\u00eda circular y el ecodise\u00f1o.<\/p>\n<p>La iniciativa profundiza en el conocimiento del concepto del ciclo de vida para mejorar las decisiones p\u00fablicas y privadas en materia de productos, tecnolog\u00edas, estilos de vida y econom\u00eda en general. Esta manera de repensar la producci\u00f3n y el consumo trata de analizar los impactos medioambientales, sociales y econ\u00f3micos de un producto durante todo su ciclo de vida, desde su creaci\u00f3n hasta su reutilizaci\u00f3n o destrucci\u00f3n.<\/p>\n<p>Esta iniciativa de ciclo de vida, a la que se suma el Gobierno Vasco, aspira a aplicar este enfoque en 15 pa\u00edses y 30 empresas antes de 2022, as\u00ed como formar a 2.500 personas que toman decisiones en el terreno p\u00fablico y en el privado e interconectar con todos el conocimiento en esta materia, generando est\u00e1ndares y consensos en torno a ella.<\/p>\n<p>Incide en decisiones concretas: tener conciencia de que nuestras preferencias no est\u00e1n aisladas sino que forman parte de un sistema m\u00e1s amplio; tomar decisiones pensando en el largo plazo y considerar todas las cuestiones ambientales y sociales pertinentes; y mejorar sistemas completos en lugar de partes de los sistemas al evitar decisiones que solucionan un problema ambiental pero causan otro.<\/p>\n<p>La iniciativa se enmarca en los Objetivos de Desarrollo Sostenible (ODS) y en los Acuerdos de Par\u00eds, \u201cpara sumar esfuerzos y avanzar m\u00e1s r\u00e1pido y de manera m\u00e1s eficiente\u201d, subrayan los representantes de ambas instituciones, la responsable de la Unidad de Consumo y Producci\u00f3n Sostenibles de ONU Medio Ambiente, Elisa Tonda, y el consejero de Medio Ambiente, Planificaci\u00f3n Territorial y Vivienda del Gobierno Vasco, I\u00f1aki Arriola.<\/p>\n<p><strong>Una treintena de expertos y expertas en tres jornadas<\/strong><\/p>\n<p>La propia Tonda ser\u00e1 quien participe, junto al consejero Arriola, en el acto de apertura del BEM 2020, a quienes seguir\u00e1 la intervenci\u00f3n de C\u00e9sar Santos, de la Comisi\u00f3n Europea, para desgranar las implicaciones del Nuevo Pacto Verde europeo.<\/p>\n<p>La conferencia inaugural correr\u00e1 a cargo del consultor digital y experto en industria 4.0\u00a0 Marc Vidal, que conversar\u00e1 sobre \u2018La era de la humanidad\u2019. Tras \u00e9l, varias mesas redondas completar\u00e1n la reflexi\u00f3n de la primera jornada, sobre el ecodise\u00f1o como una herramienta para aumentar la competitividad empresarial, sobre los nuevos requisitos del ecodise\u00f1o en la econom\u00eda circular o los materiales prioritarios en esta, sobre el redise\u00f1o del negocio o sobre la informaci\u00f3n ambiental al consumidor, todas ellas dinamizadas por miembros de Ihobe y en las que participar\u00e1n empresas e instituciones como la Agencia nacional francesa para el Medio Ambiente y el control de la Energ\u00eda, el Ministerio de Industria o la Generalitat de Catalunya, entre otros, as\u00ed como una intervenci\u00f3n por v\u00eddeo de Janez Potocnik, el que fuera Comisario de Medio Ambiente de la Uni\u00f3n Europea.<\/p>\n<p>M\u00e1s de 700 profesionales de organizaciones y sectores como la alimentaci\u00f3n, las TIC, el mobiliario o las energ\u00edas renovables se han acreditado ya para acudir a esta importante cita sobre ecodise\u00f1o y econom\u00eda circular, conversar sobre las \u00faltimas tendencias y conocer las modificaciones normativas.<\/p>\n<p><strong>M\u00e1s informaci\u00f3n: <\/strong><a href=\"https:\/\/www.basqueecodesignmeeting2020.eus\">https:\/\/www.basqueecodesignmeeting2020.eus<\/a> |\u00a0<strong>Acreditaci\u00f3n de medios: <\/strong><a href=\"https:\/\/www.basqueecodesignmeeting2020.eus\/es\/prensa\/\">https:\/\/www.basqueecodesignmeeting2020.eus\/es\/prensa\/<\/a><\/p>\n<p><strong>#BemBasqueCountry2020<\/strong><\/p>\n<p>&nbsp;<\/p>\n<p><strong>Contacto de comunicaci\u00f3n: <\/strong>Eduardo Ortiz de Arri \/\u00a0647 770 052<\/p>\n<p><a href=\"mailto:press.bem2020@ihobe.eus\">press.bem2020@ihobe.eus<\/a><\/p>\n<hr \/>\n<h3>Nota de prensa<\/h3>\n<p>25\/02\/2020<br \/>\n<a href=\"\/wp-content\/uploads\/2019\/08\/2020-02-25-NP-acuerdo-ONU-Medio-Ambiente_.docx\" target=\"_blank\" rel=\"noopener noreferrer\"><img loading=\"lazy\" decoding=\"async\" class=\"size-full wp-image-2633 alignleft\" src=\"https:\/\/www.basqueecodesignmeeting2020.eus\/wp-content\/uploads\/2020\/02\/word.png\" alt=\"\" width=\"32\" height=\"32\" \/> EL GOBIERNO VASCO FIRMA UN ACUERDO CON ONU MEDIO AMBIENTE PARA APOYAR A PA\u00cdSES EN DESARROLLO EN ECONOM\u00cdA CIRCULAR Y ECODISE\u00d1O<\/a><\/p>\n<p>&nbsp;<\/p>","protected":false},"excerpt":{"rendered":"<p>Se trata del primer gobierno regional del mundo en sumarse a esta iniciativa cuyo objetivo es crear una red mundial de conocimiento sobre An\u00e1lisis de Ciclo de Vida de los productos para reducir su impacto ambiental. La responsable de la Unidad de Consumo y Producci\u00f3n Sostenibles de ONU Medio Ambiente, ...<\/p>\n","protected":false},"author":1,"featured_media":3148,"comment_status":"closed","ping_status":"closed","sticky":false,"template":"","format":"standard","meta":{"_exactmetrics_skip_tracking":false,"_exactmetrics_sitenote_active":false,"_exactmetrics_sitenote_note":"","_exactmetrics_sitenote_category":0,"footnotes":""},"categories":[1],"tags":[],"class_list":["post-3133","post","type-post","status-publish","format-standard","has-post-thumbnail","hentry","category-bembasquecountry2020"],"_links":{"self":[{"href":"https:\/\/www.basqueecodesignmeeting2020.eus\/es\/wp-json\/wp\/v2\/posts\/3133","targetHints":{"allow":["GET"]}}],"collection":[{"href":"https:\/\/www.basqueecodesignmeeting2020.eus\/es\/wp-json\/wp\/v2\/posts"}],"about":[{"href":"https:\/\/www.basqueecodesignmeeting2020.eus\/es\/wp-json\/wp\/v2\/types\/post"}],"author":[{"embeddable":true,"href":"https:\/\/www.basqueecodesignmeeting2020.eus\/es\/wp-json\/wp\/v2\/users\/1"}],"replies":[{"embeddable":true,"href":"https:\/\/www.basqueecodesignmeeting2020.eus\/es\/wp-json\/wp\/v2\/comments?post=3133"}],"version-history":[{"count":4,"href":"https:\/\/www.basqueecodesignmeeting2020.eus\/es\/wp-json\/wp\/v2\/posts\/3133\/revisions"}],"predecessor-version":[{"id":3292,"href":"https:\/\/www.basqueecodesignmeeting2020.eus\/es\/wp-json\/wp\/v2\/posts\/3133\/revisions\/3292"}],"wp:featuredmedia":[{"embeddable":true,"href":"https:\/\/www.basqueecodesignmeeting2020.eus\/es\/wp-json\/wp\/v2\/media\/3148"}],"wp:attachment":[{"href":"https:\/\/www.basqueecodesignmeeting2020.eus\/es\/wp-json\/wp\/v2\/media?parent=3133"}],"wp:term":[{"taxonomy":"category","embeddable":true,"href":"https:\/\/www.basqueecodesignmeeting2020.eus\/es\/wp-json\/wp\/v2\/categories?post=3133"},{"taxonomy":"post_tag","embeddable":true,"href":"https:\/\/www.basqueecodesignmeeting2020.eus\/es\/wp-json\/wp\/v2\/tags?post=3133"}],"curies":[{"name":"wp","href":"https:\/\/api.w.org\/{rel}","templated":true}]}}